{"id":10101,"date":"2020-07-29T10:28:38","date_gmt":"2020-07-29T08:28:38","guid":{"rendered":"https:\/\/www.impulso.es\/?p=10101"},"modified":"2020-07-29T10:30:39","modified_gmt":"2020-07-29T08:30:39","slug":"aprobado-prestamos-reindus-2020","status":"publish","type":"post","link":"https:\/\/www.impulso.es\/en\/aprobado-prestamos-reindus-2020\/","title":{"rendered":"Aprobado el PROGRAMA DE REINDUSTRIALIZACI\u00d3N Y FORTALECIMIENTO DE LA COMPETITIVIDAD INDUSTRIAL 2020"},"content":{"rendered":"<div class=\"wpb-content-wrapper\"><p>[vc_row][vc_column width=&#8221;5\/6&#8243;][vc_empty_space el_class=&#8221;vc_hidden-sm vc_hidden-xs&#8221;]<div class=\"vntd-special-heading\"style=\"margin-bottom:px;\"><h1 class=\"header  font-secondary\" >Aprobado el PROGRAMA DE REINDUSTRIALIZACI\u00d3N Y FORTALECIMIENTO DE LA COMPETITIVIDAD INDUSTRIAL 2020<\/h1><div class=\"header-strips-one \" ><\/div><h2 class=\"description normal \" >La finalidad en esta edici\u00f3n ser\u00e1 favorecer la consolidaci\u00f3n de la industria tras la salida de la crisis derivada del COVID-19<\/h2><\/div>[vc_column_text css=&#8221;.vc_custom_1596011437541{margin-right: 20px !important;margin-left: 20px !important;padding-top: 20px !important;}&#8221;]Desde IMPULSO nos complace informales de que el Consejo de Ministros ha aprobado ayer el PROGRAMA DE REINDUSTRIALIZACI\u00d3N Y FORTALECIMIENTO DE LA COMPETITIVIDAD INDUSTRIAL 2020, tambi\u00e9n conocido como \u201cPrograma Reindus\u201d.<\/p>\n<p><!--more--><\/p>\n<p>La finalidad ser\u00e1 favorecer la consolidaci\u00f3n de la industria tras la salida de la crisis derivada del COVID-19, para lo que cuenta con una dotaci\u00f3n presupuestaria de 340,9 millones de euros.<\/p>\n<p>A continuaci\u00f3n, les resumimos las principales caracter\u00edsticas de estas ayudas:<\/p>\n<p>BENEFICIARIOS<\/p>\n<p>En la edici\u00f3n de este a\u00f1o, son empresas afectadas por perjuicios econ\u00f3micos surgidos a ra\u00edz del brote de COVID-19, legalmente constituidas en Espa\u00f1a, que desarrollen una actividad industrial productiva (CNAEs 10 a 32 y 38.3.), con independencia de su tama\u00f1o, y que no formen parte del sector p\u00fablico.<\/p>\n<p>TIPOS DE PROYECTO<\/p>\n<p>\u00b7 Mejoras y\/o modificaciones de l\u00edneas de producci\u00f3n.<\/p>\n<p>\u00b7 Implementaci\u00f3n productiva de tecnolog\u00edas de la \u201cIndustria Conectada 4.0.\u201d (sistemas inteligentes, sensores, realidad virtual e impresi\u00f3n 3D, rob\u00f3tica y veh\u00edculos no tripulados dentro del establecimiento industrial, \u2026).<\/p>\n<p>\u00b7 Reducci\u00f3n de emisiones de gases de efecto invernadero, reducci\u00f3n de la vulnerabilidad a los impactos del cambio clim\u00e1tico, prevenci\u00f3n de la contaminaci\u00f3n o introducci\u00f3n de la econom\u00eda circular en el proceso productivo.<\/p>\n<p>CONCEPTOS FINANCIABLES<\/p>\n<p>\u00b7 Aparatos y equipos de producci\u00f3n, excluidos los elementos de transporte exterior. Pueden ser de primer o segundo uso.<\/p>\n<p>\u00b7 Ingenier\u00eda de proceso de producci\u00f3n: personal propio, materiales y colaboraciones externas necesarias para dise\u00f1o y\/o redise\u00f1o de procesos.<\/p>\n<p>REQUISITOS DE LOS PROYECTOS<\/p>\n<p>\u00b7 Plazo de ejecuci\u00f3n de las inversiones: desde el 1 de febrero de 2020 al 31 de diciembre de 2020.<\/p>\n<p>\u00b7 Presupuesto m\u00ednimo de 100.000 \u20ac.<\/p>\n<p>\u00b7 Financiaci\u00f3n privada: al menos el 25% de la inversi\u00f3n.<\/p>\n<p>\u00b7 Mejoras y\/o modificaciones de l\u00edneas de producci\u00f3n: El gasto imputado en la partida de ingenier\u00eda de proceso de producci\u00f3n no podr\u00e1 superar el 30% del presupuesto de adquisici\u00f3n de aparatos y equipos de producci\u00f3n. Dentro de esta partida, los gastos de personal propio se limitar\u00e1n al 5 % del presupuesto de adquisici\u00f3n de aparatos y equipos de producci\u00f3n.<\/p>\n<p>\u00b7 Implementaci\u00f3n productiva de tecnolog\u00edas de la \u201cIndustria Conectada 4.0.\u201d: El gasto imputado en la partida de ingenier\u00eda de proceso de producci\u00f3n no podr\u00e1 superar el presupuesto de adquisici\u00f3n de aparatos y equipos de producci\u00f3n. Dentro de esta partida, los gastos de personal propio se limitar\u00e1n al 15% del presupuesto de adquisici\u00f3n de aparatos y equipos de producci\u00f3n.<\/p>\n<p>TIPO E INTENSIDAD DE AYUDA<\/p>\n<p>Pr\u00e9stamo de hasta el 75% del presupuesto financiable (m\u00e1ximo 800.000 \u20ac por beneficiario) con 6 a\u00f1os de amortizaci\u00f3n y 3 a\u00f1os de carencia a un tipo de inter\u00e9s variable seg\u00fan el tipo de empresa.<\/p>\n<p>Tipo de beneficiario\u00a0 \u00a0 \u00a0 \u00a0Inter\u00e9s a\u00f1o 1\u00a0 \u00a0 \u00a0 \u00a0 Inter\u00e9s a\u00f1o 2 y 3\u00a0 \u00a0 Inter\u00e9s a\u00f1o 4, 5 y 6<\/p>\n<p>PYMES\u00a0 \u00a0 \u00a0 \u00a0 \u00a0 \u00a0 \u00a0 \u00a0 \u00a0 \u00a0 \u00a0 \u00a0 \u00a0 \u00a0 \u00a0 \u00a0 \u00a0 \u00a00,1 %\u00a0 \u00a0 \u00a0 \u00a0 \u00a0 \u00a0 \u00a0 \u00a0 \u00a0 \u00a0 \u00a0 \u00a0 \u00a00,19 %\u00a0 \u00a0 \u00a0 \u00a0 \u00a0 \u00a0 \u00a0 \u00a0 \u00a0 \u00a0 0,69 %<\/p>\n<p>Grandes empresas\u00a0 \u00a0 \u00a0 \u00a0 \u00a0 \u00a0 \u00a0 \u00a00,19 %\u00a0 \u00a0 \u00a0 \u00a0 \u00a0 \u00a0 \u00a0 \u00a0 \u00a0 \u00a0 \u00a0 \u00a00,69 %\u00a0 \u00a0 \u00a0 \u00a0 \u00a0 \u00a0 \u00a0 \u00a0 \u00a0 \u00a0 1,69 %<\/p>\n<p>Se deber\u00e1 de aportar una garant\u00eda t\u00e9cnica del 20% del pr\u00e9stamo propuesto siendo v\u00e1lido aval bancario o de SGR. Se cambia la fecha para la constituci\u00f3n de garant\u00edas siendo ahora despu\u00e9s de la Resoluci\u00f3n de concesi\u00f3n.<\/p>\n<p>\u00bfPor qu\u00e9 es ventajosa la financiaci\u00f3n Reindus frente a la financiaci\u00f3n bancaria?:<\/p>\n<ul>\n<li>La principal, no computa en CIRBE, es decir, no cuenta para el riesgo financiero de la empresa.<\/li>\n<li>Por plazo: el plazo de amortizaci\u00f3n es de 6 a\u00f1os con 3 de carencia, durante los cuales solo se pagar\u00edan los intereses.<\/li>\n<li>Por tener un inter\u00e9s fijo: La cuota es anual, por lo que se evita comprometer liquidez de la empresa mensualmente.<\/li>\n<li>Por coste:\n<ul>\n<li>No requiere intervenci\u00f3n notarial.<\/li>\n<li>No requiere acudir a ninguna firma. Directamente, a finales de a\u00f1o el Tesoro P\u00fablico emite una transferencia a la cuenta previamente designada durante el proceso de solicitud.<\/li>\n<li>No tiene costes asociados como estudio, apertura, cancelaci\u00f3n parcial o total.<\/li>\n<\/ul>\n<\/li>\n<\/ul>\n<p>PLAZO DE PRESENTACI\u00d3N<\/p>\n<p>El plazo de presentaci\u00f3n de solicitudes finalizar\u00e1 el 20\/08\/2020.<\/p>\n<p>&nbsp;<\/p>\n<hr \/>\n<p><em>29\/07\/2020<\/em>[\/vc_column_text][\/vc_column][vc_column css_animation=&#8221;left-to-right&#8221; width=&#8221;1\/6&#8243; offset=&#8221;vc_hidden-sm vc_hidden-xs&#8221;][vc_empty_space][vc_wp_search][vc_basic_grid post_type=&#8221;post&#8221; max_items=&#8221;3&#8243; element_width=&#8221;12&#8243; item=&#8221;2633&#8243; initial_loading_animation=&#8221;none&#8221; grid_id=&#8221;vc_gid:1596011416343-5de03e68-80b2-3&#8243;][\/vc_column][\/vc_row]<\/p>\n<\/div>","protected":false},"excerpt":{"rendered":"<p>[vc_row][vc_column width=&#8221;5\/6&#8243;][vc_empty_space el_class=&#8221;vc_hidden-sm vc_hidden-xs&#8221;][vc_column_text css=&#8221;.vc_custom_1596011437541{margin-right: 20px !important;margin-left: 20px !important;padding-top: 20px !important;}&#8221;]Desde IMPULSO nos complace informales de que el Consejo de Ministros ha aprobado ayer el PROGRAMA DE REINDUSTRIALIZACI\u00d3N Y FORTALECIMIENTO DE LA COMPETITIVIDAD INDUSTRIAL 2020, tambi\u00e9n conocido como \u201cPrograma Reindus\u201d.<\/p>\n","protected":false},"author":4,"featured_media":10102,"comment_status":"closed","ping_status":"closed","sticky":false,"template":"","format":"standard","meta":{"footnotes":""},"categories":[240,239],"tags":[],"class_list":["post-10101","post","type-post","status-publish","format-standard","has-post-thumbnail","hentry","category-convocatorias_publicas","category-noticias"],"rttpg_featured_image_url":{"full":["https:\/\/www.impulso.es\/wp-content\/uploads\/2020\/07\/Web-Reindus.png",1170,550,false],"landscape":["https:\/\/www.impulso.es\/wp-content\/uploads\/2020\/07\/Web-Reindus.png",1170,550,false],"portraits":["https:\/\/www.impulso.es\/wp-content\/uploads\/2020\/07\/Web-Reindus.png",1170,550,false],"thumbnail":["https:\/\/www.impulso.es\/wp-content\/uploads\/2020\/07\/Web-Reindus-150x150.png",150,150,true],"medium":["https:\/\/www.impulso.es\/wp-content\/uploads\/2020\/07\/Web-Reindus-300x141.png",300,141,true],"large":["https:\/\/www.impulso.es\/wp-content\/uploads\/2020\/07\/Web-Reindus-1024x481.png",1024,481,true],"1536x1536":["https:\/\/www.impulso.es\/wp-content\/uploads\/2020\/07\/Web-Reindus.png",1170,550,false],"2048x2048":["https:\/\/www.impulso.es\/wp-content\/uploads\/2020\/07\/Web-Reindus.png",1170,550,false],"post-thumbnail":["https:\/\/www.impulso.es\/wp-content\/uploads\/2020\/07\/Web-Reindus-100x100.png",100,100,true],"bg-image":["https:\/\/www.impulso.es\/wp-content\/uploads\/2020\/07\/Web-Reindus.png",1170,550,false],"fullwidth-landscape":["https:\/\/www.impulso.es\/wp-content\/uploads\/2020\/07\/Web-Reindus-1170x500.png",1170,500,true],"sidebar-landscape":["https:\/\/www.impulso.es\/wp-content\/uploads\/2020\/07\/Web-Reindus-880x380.png",880,380,true],"sidebar-auto":["https:\/\/www.impulso.es\/wp-content\/uploads\/2020\/07\/Web-Reindus-880x414.png",880,414,true],"portfolio-square":["https:\/\/www.impulso.es\/wp-content\/uploads\/2020\/07\/Web-Reindus-450x350.png",450,350,true],"portfolio-auto":["https:\/\/www.impulso.es\/wp-content\/uploads\/2020\/07\/Web-Reindus-450x212.png",450,212,true],"square":["https:\/\/www.impulso.es\/wp-content\/uploads\/2020\/07\/Web-Reindus-270x270.png",270,270,true]},"rttpg_author":{"display_name":"Ana Cordero","author_link":"https:\/\/www.impulso.es\/en\/author\/ana\/"},"rttpg_comment":0,"rttpg_category":"<a href=\"https:\/\/www.impulso.es\/category\/convocatorias_publicas\/\" rel=\"category tag\">Convocatorias p\u00fablicas<\/a> <a href=\"https:\/\/www.impulso.es\/category\/noticias\/\" rel=\"category tag\">Noticias<\/a>","rttpg_excerpt":"[vc_row][vc_column width=&#8221;5\/6&#8243;][vc_empty_space el_class=&#8221;vc_hidden-sm vc_hidden-xs&#8221;][vc_column_text css=&#8221;.vc_custom_1596011437541{margin-right: 20px !important;margin-left: 20px !important;padding-top: 20px !important;}&#8221;]Desde IMPULSO nos complace informales de que el Consejo de Ministros ha aprobado ayer el PROGRAMA DE REINDUSTRIALIZACI\u00d3N Y FORTALECIMIENTO DE LA COMPETITIVIDAD INDUSTRIAL 2020, tambi\u00e9n conocido como \u201cPrograma Reindus\u201d.","_links":{"self":[{"href":"https:\/\/www.impulso.es\/en\/wp-json\/wp\/v2\/posts\/10101","targetHints":{"allow":["GET"]}}],"collection":[{"href":"https:\/\/www.impulso.es\/en\/wp-json\/wp\/v2\/posts"}],"about":[{"href":"https:\/\/www.impulso.es\/en\/wp-json\/wp\/v2\/types\/post"}],"author":[{"embeddable":true,"href":"https:\/\/www.impulso.es\/en\/wp-json\/wp\/v2\/users\/4"}],"replies":[{"embeddable":true,"href":"https:\/\/www.impulso.es\/en\/wp-json\/wp\/v2\/comments?post=10101"}],"version-history":[{"count":0,"href":"https:\/\/www.impulso.es\/en\/wp-json\/wp\/v2\/posts\/10101\/revisions"}],"wp:featuredmedia":[{"embeddable":true,"href":"https:\/\/www.impulso.es\/en\/wp-json\/wp\/v2\/media\/10102"}],"wp:attachment":[{"href":"https:\/\/www.impulso.es\/en\/wp-json\/wp\/v2\/media?parent=10101"}],"wp:term":[{"taxonomy":"category","embeddable":true,"href":"https:\/\/www.impulso.es\/en\/wp-json\/wp\/v2\/categories?post=10101"},{"taxonomy":"post_tag","embeddable":true,"href":"https:\/\/www.impulso.es\/en\/wp-json\/wp\/v2\/tags?post=10101"}],"curies":[{"name":"wp","href":"https:\/\/api.w.org\/{rel}","templated":true}]}}