{"id":10197,"date":"2020-10-01T15:46:40","date_gmt":"2020-10-01T13:46:40","guid":{"rendered":"https:\/\/www.impulso.es\/?p=10197"},"modified":"2020-10-02T08:50:45","modified_gmt":"2020-10-02T06:50:45","slug":"ayudas-idae-andalucia-energia-electrica-energia-termica","status":"publish","type":"post","link":"https:\/\/www.impulso.es\/en\/ayudas-idae-andalucia-energia-electrica-energia-termica\/","title":{"rendered":"Convocatoria ANDALUC\u00cdA: Ayudas a la inversi\u00f3n en instalaciones de generaci\u00f3n de energ\u00eda el\u00e9ctrica y t\u00e9rmica con fuentes de energ\u00eda renovable (IDAE)"},"content":{"rendered":"<div class=\"wpb-content-wrapper\"><p>[vc_row][vc_column width=&#8221;5\/6&#8243;][vc_empty_space el_class=&#8221;vc_hidden-sm vc_hidden-xs&#8221;]<div class=\"vntd-special-heading\"style=\"margin-bottom:px;\"><h1 class=\"header  font-secondary\" >Convocatoria ANDALUC\u00cdA: Ayudas a la inversi\u00f3n en instalaciones de generaci\u00f3n de energ\u00eda el\u00e9ctrica y t\u00e9rmica con fuentes de energ\u00eda renovable (IDAE)<\/h1><div class=\"header-strips-one \" ><\/div><h2 class=\"description normal \" >Instituto para la Diversificaci\u00f3n y Ahorro de la Energ\u00eda \u2013 IDAE<\/h2><\/div>[vc_column_text css=&#8221;.vc_custom_1601621444545{margin-right: 20px !important;margin-left: 20px !important;padding-top: 20px !important;}&#8221;]Desde IMPULSO nos complace informales de que el <strong>Ministerio para la Transici\u00f3n Ecol\u00f3gica y Reto Demogr\u00e1fico<\/strong>, a trav\u00e9s del <strong>Instituto para la Diversificaci\u00f3n y Ahorro de la Energ\u00eda (IDAE)<\/strong>, destinar\u00e1 316 millones de euros a impulsar las instalaciones de renovables para la producci\u00f3n de energ\u00eda, tanto t\u00e9rmica como el\u00e9ctrica, en todo el territorio Nacional.<\/p>\n<p><!--more--><\/p>\n<p>Este Programa de ayudas se ejecuta mediante <strong>convocatorias realizadas por el IDAE en cada comunidad aut\u00f3noma<\/strong>, estando ya abierta en <strong>ANDALUC\u00cdA<\/strong>, y su objeto es la concesi\u00f3n, en r\u00e9gimen de concurrencia competitiva, de <strong>ayudas destinadas a proyectos de inversi\u00f3n<\/strong> en <strong>instalaciones de generaci\u00f3n de energ\u00eda el\u00e9ctrica con fuentes de energ\u00eda renovable (ENERG\u00cdA EL\u00c9CTRICA)<\/strong> o <strong>en instalaciones de producci\u00f3n de energ\u00eda t\u00e9rmica a partir de fuentes de energ\u00eda renovable y sus equipos de mejora de gesti\u00f3n y optimizaci\u00f3n de producci\u00f3n (ENERG\u00cdA T\u00c9RMICA)<\/strong>.<\/p>\n<p>A continuaci\u00f3n, les resumimos las <strong>principales caracter\u00edsticas<\/strong> de estas ayudas:<\/p>\n<p>&nbsp;<\/p>\n<p><strong><u>BENEFICIARIOS<\/u><\/strong><\/p>\n<p><strong>Personas f\u00edsicas o jur\u00eddicas, p\u00fablicas o privadas <\/strong>(incluidas empresas de servicios energ\u00e9ticos en el caso de ENERG\u00cdA T\u00c9RMICA).<\/p>\n<p>&nbsp;<\/p>\n<p><strong><u>TIPOS DE PROYECTO<\/u><\/strong><\/p>\n<ul>\n<li><strong>ENERG\u00cdA EL\u00c9CTRICA: proyectos de inversi\u00f3n en instalaciones de generaci\u00f3n de energ\u00eda el\u00e9ctrica con biog\u00e1s, biomasa, e\u00f3lica o solar fotovoltaica,<\/strong> pudiendo incluir actuaciones de inversi\u00f3n que mejoren la gesti\u00f3n y optimicen la producci\u00f3n, permitiendo el uso de autoconsumo y la incorporaci\u00f3n de la energ\u00eda a mercados locales, incluidos en los siguientes tipos de instalaciones:<\/li>\n<\/ul>\n<table width=\"100%\">\n<thead>\n<tr>\n<td width=\"27%\"><strong>Fuente de energ\u00eda<\/strong><\/td>\n<td width=\"36%\"><strong>Tipo de actuaci\u00f3n<\/strong><\/td>\n<td width=\"36%\"><strong>L\u00edmite de potencia instalada<\/strong><\/td>\n<\/tr>\n<\/thead>\n<tbody>\n<tr>\n<td rowspan=\"2\" width=\"27%\">Gases Renovables<\/td>\n<td width=\"36%\">Biog\u00e1s agroindustrial o industrial (generaci\u00f3n y aprovechamiento el\u00e9ctrico)<\/td>\n<td rowspan=\"3\" width=\"36%\">Con independencia de su potencia<\/td>\n<\/tr>\n<tr>\n<td width=\"36%\">Biog\u00e1s instalaciones de agroindustrial o industrial (solo aprovechamiento el\u00e9ctrico)<\/td>\n<\/tr>\n<tr>\n<td width=\"27%\">Biomasa<\/td>\n<td width=\"36%\">Biomasa (combustibles 100% de origen biol\u00f3gico)<\/td>\n<\/tr>\n<tr>\n<td rowspan=\"4\" width=\"27%\">E\u00f3lica<\/td>\n<td width=\"36%\">Instalaci\u00f3n e\u00f3lica terrestre con producci\u00f3n\/ almacenamiento de hidr\u00f3geno<\/td>\n<td width=\"36%\">Aerogeneradores de pot. unitaria &gt; 100 kW<\/td>\n<\/tr>\n<tr>\n<td width=\"36%\">Instalaciones e\u00f3licas de peque\u00f1a potencia<\/td>\n<td width=\"36%\">Aerogeneradores de pot. unitaria<\/p>\n<p>10 &lt; P \u2264 100 kW<\/td>\n<\/tr>\n<tr>\n<td width=\"36%\">Instalaciones e\u00f3licas de muy peque\u00f1a potencia<\/td>\n<td width=\"36%\">Aerogeneradores de potencia unitaria \u2264 10 kW<\/td>\n<\/tr>\n<tr>\n<td width=\"36%\">Instalaciones e\u00f3licas de muy peque\u00f1a potencia para autoconsumo con suministro de energ\u00eda para la recarga de veh\u00edculos el\u00e9ctricos<\/td>\n<td width=\"36%\">Aerogeneradores de potencia unitaria \u2264 10 kW<\/td>\n<\/tr>\n<tr>\n<td rowspan=\"11\" width=\"27%\">Solar fotovoltaica<\/td>\n<td width=\"36%\">Micro Autoconsumo SIN almacenamiento<\/td>\n<td width=\"36%\">10 kW \u2264 P \u2264 100 KW<\/td>\n<\/tr>\n<tr>\n<td width=\"36%\">Peque\u00f1as instalaciones con alta producci\u00f3n para autoconsumo SIN almacenamiento en la industria<\/td>\n<td width=\"36%\">100 kW \u2264 P &lt; 1 MW<\/td>\n<\/tr>\n<tr>\n<td width=\"36%\">Medianas instalaciones con alta producci\u00f3n para autoconsumo SIN almacenamiento en la industria<\/td>\n<td width=\"36%\">1 MW \u2264 P<\/td>\n<\/tr>\n<tr>\n<td width=\"36%\">Grandes instalaciones con alta producci\u00f3n para autoconsumo CON almacenamiento en la industria<\/td>\n<td width=\"36%\">100 kW \u2264 P \u2264 10 MW<\/td>\n<\/tr>\n<tr>\n<td width=\"36%\">Instalaciones autoconsumo para industrias estacionales SIN almacenamiento<\/td>\n<td width=\"36%\">100 kW \u2264 P \u2264 10 MW<\/td>\n<\/tr>\n<tr>\n<td width=\"36%\">Instalaciones peque\u00f1a potencia venta RED CON almacenamiento<\/td>\n<td width=\"36%\">100 kW \u2264 P \u2264 1 MW<\/td>\n<\/tr>\n<tr>\n<td width=\"36%\">Instalaciones autoconsumo CON almacenamiento<\/td>\n<td width=\"36%\">100 kW \u2264 P \u2264 10 MW<\/td>\n<\/tr>\n<tr>\n<td width=\"36%\">Instalaciones autoconsumo con suministro de energ\u00eda para recarga de veh\u00edculos el\u00e9ctricos<\/td>\n<td width=\"36%\">50 kW \u2264 P \u2264 300 kW<\/td>\n<\/tr>\n<tr>\n<td width=\"36%\">Instalaciones fotovoltaicas con hidr\u00f3geno<\/td>\n<td width=\"36%\">1MW \u2264 P \u2264 10 MW<\/td>\n<\/tr>\n<tr>\n<td width=\"36%\">Instalaciones autoconsumo CON almacenamiento en Parques Cient\u00edficos Tecnol\u00f3gicos<\/td>\n<td width=\"36%\">20 kW \u2264 P \u2264 1 MW<\/td>\n<\/tr>\n<tr>\n<td width=\"36%\">Instalaciones autoconsumo SIN almacenamiento en empresas\/entidades integrantes de la distribuci\u00f3n de alimentaci\u00f3n<\/td>\n<td width=\"36%\">50 kW \u2264 P \u2264 10 MW<\/td>\n<\/tr>\n<\/tbody>\n<\/table>\n<p>&nbsp;<\/p>\n<ul>\n<li><strong>ENERGIA TERMICA: proyectos de inversi\u00f3n en instalaciones de producci\u00f3n de energ\u00eda t\u00e9rmica con fuentes de energ\u00eda renovable y en instalaciones de producci\u00f3n de gases renovables, <\/strong>incluidos en los siguientes tipos de actuaciones vinculados a energ\u00edas renovables:<\/li>\n<\/ul>\n<table width=\"117%\">\n<thead>\n<tr>\n<td width=\"27%\"><strong>Fuente de energ\u00eda<\/strong><\/td>\n<td width=\"36%\"><strong>Tipo de actuaci\u00f3n<\/strong><\/td>\n<td width=\"36%\"><strong>L\u00edmite inferior\/superior de potencia nominal<\/strong><\/td>\n<\/tr>\n<\/thead>\n<tbody>\n<tr>\n<td width=\"27%\">Aerotermia<\/td>\n<td width=\"36%\">Aerotermia + fotovoltaica servicios para climatizaci\u00f3n y depuraci\u00f3n del aire<\/td>\n<td width=\"36%\">\u2265 200 kW<\/td>\n<\/tr>\n<tr>\n<td rowspan=\"3\" width=\"27%\">Biomasa<\/td>\n<td width=\"36%\">C\u00e1mara de combusti\u00f3n industrial<\/td>\n<td width=\"36%\">\u2265 1 MW<\/td>\n<\/tr>\n<tr>\n<td width=\"36%\">Calderas de aplicaci\u00f3n industrial de baja potencia<\/td>\n<td width=\"36%\">&lt; 5 MW<\/td>\n<\/tr>\n<tr>\n<td width=\"36%\">Calderas de aplicaci\u00f3n industrial de alta potencia<\/td>\n<td width=\"36%\">\u2265 5 MW<\/td>\n<\/tr>\n<tr>\n<td rowspan=\"3\" width=\"27%\">Gases renovables<\/td>\n<td width=\"36%\">Plantas de producci\u00f3n de biog\u00e1s incluyendo generaci\u00f3n t\u00e9rmica para proceso en aplicaci\u00f3n industrial de alta potencia<\/td>\n<td width=\"36%\">\u2265 5 MW<\/td>\n<\/tr>\n<tr>\n<td width=\"36%\">Calderas para generaci\u00f3n t\u00e9rmica que usan exclusivamente biog\u00e1s como combustible<\/td>\n<td rowspan=\"2\" width=\"36%\">Con independencia de su potencia<\/td>\n<\/tr>\n<tr>\n<td width=\"36%\">Biometano (incluyendo solo depuraci\u00f3n)<\/td>\n<\/tr>\n<tr>\n<td rowspan=\"2\" width=\"27%\">Geotermia o hidrotermia<\/td>\n<td width=\"36%\">Geotermia o hidrotermia servicios e industria<\/td>\n<td rowspan=\"2\" width=\"36%\">\u2265 100 kW<\/td>\n<\/tr>\n<tr>\n<td width=\"36%\">Geotermia uso directo para red de distribuci\u00f3n de energ\u00eda t\u00e9rmica<\/td>\n<\/tr>\n<tr>\n<td rowspan=\"4\" width=\"27%\">Solar T\u00e9rmica<\/td>\n<td width=\"36%\">CON Concentraci\u00f3n<\/td>\n<td width=\"36%\">25 kW \u2264 P &lt; 5 MW<\/td>\n<\/tr>\n<tr>\n<td width=\"36%\">CON concentraci\u00f3n<\/td>\n<td width=\"36%\">\u2265 5 MW<\/td>\n<\/tr>\n<tr>\n<td width=\"36%\">SIN concentraci\u00f3n<\/td>\n<td width=\"36%\">25 kW \u2264 P &lt; 100 kW<\/td>\n<\/tr>\n<tr>\n<td width=\"36%\">SIN concentraci\u00f3n<\/td>\n<td width=\"36%\">\u2265 100 kW<\/td>\n<\/tr>\n<\/tbody>\n<\/table>\n<p>&nbsp;<\/p>\n<p><strong><u>CONCEPTOS FINANCIABLES<\/u><\/strong><\/p>\n<ul>\n<li><strong>ENERGIA EL\u00c9CTRICA<\/strong>: Elaboraci\u00f3n del proyecto de ejecuci\u00f3n, direcci\u00f3n facultativa de obra, coordinaci\u00f3n de seguridad y salud, equipos principales de generaci\u00f3n, obra civil, cimentaciones, sistemas de descarga y almacenamiento, sistemas el\u00e9ctricos y de control, hidr\u00e1ulicos, bombeo, instrumentaci\u00f3n, medici\u00f3n, auxiliares, monitorizaci\u00f3n, transporte y montaje, puesta en marcha, etc.<\/li>\n<li><strong>ENERGIA T\u00c9RMICA<\/strong>: Elaboraci\u00f3n del proyecto de ejecuci\u00f3n, ensayos de test de respuesta t\u00e9rmica, ensayos de bombeo, direcci\u00f3n facultativa de obra, coordinaci\u00f3n de seguridad y salud, equipos principales de generaci\u00f3n, obra civil, cimentaciones, sistemas de descarga y almacenamiento, sistemas de distribuci\u00f3n de calor\/fr\u00edo a puntos de consumo, sistemas de inyecci\u00f3n a red, sistemas de compresi\u00f3n a alta presi\u00f3n y de almacenamiento de gases renovables comprimidos, sistemas el\u00e9ctricos y de control, hidr\u00e1ulicos, bombeo, instrumentaci\u00f3n, medici\u00f3n, auxiliares, monitorizaci\u00f3n, transporte y montaje, puesta en marcha, etc.<\/li>\n<\/ul>\n<p>&nbsp;<\/p>\n<p><strong><u>REQUISITOS DE LOS PROYECTOS<\/u><\/strong><\/p>\n<ul>\n<li><strong>Duraci\u00f3n proyecto:<\/strong> las instalaciones deben encontrarse completamente finalizadas antes del 30 de junio de 2023.<\/li>\n<li><strong>Efecto incentivador<\/strong>.<\/li>\n<\/ul>\n<ul>\n<li style=\"list-style-type: none;\"><\/li>\n<\/ul>\n<p>&nbsp;<\/p>\n<p><strong><u>TIPO E INTENSIDAD DE AYUDA<\/u><\/strong><\/p>\n<p><strong>Subvenci\u00f3n a fondo perdido<\/strong> que el IDAE podr\u00e1 adelantar al beneficiario mediante un anticipo.<\/p>\n<p>El importe de la ayuda concedida se cuantificar\u00e1 en la resoluci\u00f3n del procedimiento en t\u00e9rminos de importe unitario e importe total.<\/p>\n<p>La intensidad de la ayuda se calcular\u00e1 en funci\u00f3n del presupuesto subvencionable justificado por el solicitante de la ayuda, de la potencia real instalada, as\u00ed como de una aportaci\u00f3n m\u00ednima unitaria que se establecer\u00e1 en funci\u00f3n de la tipolog\u00eda da la actuaci\u00f3n.<\/p>\n<p>&nbsp;<\/p>\n<p><strong><u>PLAZO DE PRESENTACI\u00d3N <\/u><\/strong><\/p>\n<p>El plazo de presentaci\u00f3n de solicitudes <strong>hasta las 12.00 horas del 23 de noviembre de 2020<\/strong>.<\/p>\n<p>&nbsp;<\/p>\n<p><strong><u>DOTACI\u00d3N PRESUPUESTARIA:<\/u><\/strong><\/p>\n<p><strong>ENERG\u00cdA EL\u00c9CTRICA: 50.588.867 \u20ac.<\/strong> <strong>\u00a0<\/strong><\/p>\n<p><strong>ENERG\u00cdA T\u00c9RMICA: 73.700.000 \u20ac.\u00a0<\/strong><\/p>\n<p><strong>\u00a0<\/strong><\/p>\n<p><strong>\u00a0<\/strong><\/p>\n<hr \/>\n<p><em>01\/10\/2020<\/em>[\/vc_column_text][\/vc_column][vc_column css_animation=&#8221;left-to-right&#8221; width=&#8221;1\/6&#8243; offset=&#8221;vc_hidden-sm vc_hidden-xs&#8221;][vc_empty_space][vc_wp_search][vc_basic_grid post_type=&#8221;post&#8221; max_items=&#8221;3&#8243; element_width=&#8221;12&#8243; item=&#8221;2633&#8243; initial_loading_animation=&#8221;none&#8221; grid_id=&#8221;vc_gid:1601621392150-2e642ea2-6e7e-4&#8243;][\/vc_column][\/vc_row]<\/p>\n<\/div>","protected":false},"excerpt":{"rendered":"<p>[vc_row][vc_column width=&#8221;5\/6&#8243;][vc_empty_space el_class=&#8221;vc_hidden-sm vc_hidden-xs&#8221;][vc_column_text css=&#8221;.vc_custom_1601621444545{margin-right: 20px !important;margin-left: 20px !important;padding-top: 20px !important;}&#8221;]Desde IMPULSO nos complace informales de que el Ministerio para la Transici\u00f3n Ecol\u00f3gica y Reto Demogr\u00e1fico, a trav\u00e9s del Instituto para la Diversificaci\u00f3n y Ahorro de la Energ\u00eda (IDAE), destinar\u00e1 316 millones de euros a impulsar las instalaciones de renovables para la producci\u00f3n de energ\u00eda, tanto t\u00e9rmica como el\u00e9ctrica, en todo el territorio Nacional.<\/p>\n","protected":false},"author":4,"featured_media":10198,"comment_status":"closed","ping_status":"closed","sticky":false,"template":"","format":"standard","meta":{"footnotes":""},"categories":[240,239],"tags":[],"class_list":["post-10197","post","type-post","status-publish","format-standard","has-post-thumbnail","hentry","category-convocatorias_publicas","category-noticias"],"rttpg_featured_image_url":{"full":["https:\/\/www.impulso.es\/wp-content\/uploads\/2020\/10\/IDAE-Andalucia.png",1117,550,false],"landscape":["https:\/\/www.impulso.es\/wp-content\/uploads\/2020\/10\/IDAE-Andalucia.png",1117,550,false],"portraits":["https:\/\/www.impulso.es\/wp-content\/uploads\/2020\/10\/IDAE-Andalucia.png",1117,550,false],"thumbnail":["https:\/\/www.impulso.es\/wp-content\/uploads\/2020\/10\/IDAE-Andalucia-150x150.png",150,150,true],"medium":["https:\/\/www.impulso.es\/wp-content\/uploads\/2020\/10\/IDAE-Andalucia-300x148.png",300,148,true],"large":["https:\/\/www.impulso.es\/wp-content\/uploads\/2020\/10\/IDAE-Andalucia-1024x504.png",1024,504,true],"1536x1536":["https:\/\/www.impulso.es\/wp-content\/uploads\/2020\/10\/IDAE-Andalucia.png",1117,550,false],"2048x2048":["https:\/\/www.impulso.es\/wp-content\/uploads\/2020\/10\/IDAE-Andalucia.png",1117,550,false],"post-thumbnail":["https:\/\/www.impulso.es\/wp-content\/uploads\/2020\/10\/IDAE-Andalucia-100x100.png",100,100,true],"bg-image":["https:\/\/www.impulso.es\/wp-content\/uploads\/2020\/10\/IDAE-Andalucia.png",1117,550,false],"fullwidth-landscape":["https:\/\/www.impulso.es\/wp-content\/uploads\/2020\/10\/IDAE-Andalucia-1117x500.png",1117,500,true],"sidebar-landscape":["https:\/\/www.impulso.es\/wp-content\/uploads\/2020\/10\/IDAE-Andalucia-880x380.png",880,380,true],"sidebar-auto":["https:\/\/www.impulso.es\/wp-content\/uploads\/2020\/10\/IDAE-Andalucia-880x433.png",880,433,true],"portfolio-square":["https:\/\/www.impulso.es\/wp-content\/uploads\/2020\/10\/IDAE-Andalucia-450x350.png",450,350,true],"portfolio-auto":["https:\/\/www.impulso.es\/wp-content\/uploads\/2020\/10\/IDAE-Andalucia-450x222.png",450,222,true],"square":["https:\/\/www.impulso.es\/wp-content\/uploads\/2020\/10\/IDAE-Andalucia-270x270.png",270,270,true]},"rttpg_author":{"display_name":"Ana Cordero","author_link":"https:\/\/www.impulso.es\/en\/author\/ana\/"},"rttpg_comment":0,"rttpg_category":"<a href=\"https:\/\/www.impulso.es\/category\/convocatorias_publicas\/\" rel=\"category tag\">Convocatorias p\u00fablicas<\/a> <a href=\"https:\/\/www.impulso.es\/category\/noticias\/\" rel=\"category tag\">Noticias<\/a>","rttpg_excerpt":"[vc_row][vc_column width=&#8221;5\/6&#8243;][vc_empty_space el_class=&#8221;vc_hidden-sm vc_hidden-xs&#8221;][vc_column_text css=&#8221;.vc_custom_1601621444545{margin-right: 20px !important;margin-left: 20px !important;padding-top: 20px !important;}&#8221;]Desde IMPULSO nos complace informales de que el Ministerio para la Transici\u00f3n Ecol\u00f3gica y Reto Demogr\u00e1fico, a trav\u00e9s del Instituto para la Diversificaci\u00f3n y Ahorro de la Energ\u00eda (IDAE), destinar\u00e1 316 millones de euros a impulsar las instalaciones de renovables para la producci\u00f3n de energ\u00eda,&hellip;","_links":{"self":[{"href":"https:\/\/www.impulso.es\/en\/wp-json\/wp\/v2\/posts\/10197","targetHints":{"allow":["GET"]}}],"collection":[{"href":"https:\/\/www.impulso.es\/en\/wp-json\/wp\/v2\/posts"}],"about":[{"href":"https:\/\/www.impulso.es\/en\/wp-json\/wp\/v2\/types\/post"}],"author":[{"embeddable":true,"href":"https:\/\/www.impulso.es\/en\/wp-json\/wp\/v2\/users\/4"}],"replies":[{"embeddable":true,"href":"https:\/\/www.impulso.es\/en\/wp-json\/wp\/v2\/comments?post=10197"}],"version-history":[{"count":0,"href":"https:\/\/www.impulso.es\/en\/wp-json\/wp\/v2\/posts\/10197\/revisions"}],"wp:featuredmedia":[{"embeddable":true,"href":"https:\/\/www.impulso.es\/en\/wp-json\/wp\/v2\/media\/10198"}],"wp:attachment":[{"href":"https:\/\/www.impulso.es\/en\/wp-json\/wp\/v2\/media?parent=10197"}],"wp:term":[{"taxonomy":"category","embeddable":true,"href":"https:\/\/www.impulso.es\/en\/wp-json\/wp\/v2\/categories?post=10197"},{"taxonomy":"post_tag","embeddable":true,"href":"https:\/\/www.impulso.es\/en\/wp-json\/wp\/v2\/tags?post=10197"}],"curies":[{"name":"wp","href":"https:\/\/api.w.org\/{rel}","templated":true}]}}