{"id":10922,"date":"2021-04-22T13:07:30","date_gmt":"2021-04-22T11:07:30","guid":{"rendered":"https:\/\/www.impulso.es\/?p=10922"},"modified":"2021-04-22T13:11:27","modified_gmt":"2021-04-22T11:11:27","slug":"abierto-miner-miniminer-subvencion-fondo-perdido","status":"publish","type":"post","link":"https:\/\/www.impulso.es\/en\/abierto-miner-miniminer-subvencion-fondo-perdido\/","title":{"rendered":"ABIERTA LA CONVOCATORIA 2021 DE LAS AYUDAS MINER Y MINIMINER CON SUBVENCIONES A FONDO PERDIDO DE HASTA EL 35%"},"content":{"rendered":"<div class=\"wpb-content-wrapper\"><p>[vc_row][vc_column width=&#8221;5\/6&#8243;][vc_empty_space el_class=&#8221;vc_hidden-sm vc_hidden-xs&#8221;]<div class=\"vntd-special-heading\"style=\"margin-bottom:px;\"><h1 class=\"header  font-secondary\" >ABIERTA LA CONVOCATORIA 2021 DE LAS AYUDAS MINER Y MINIMINER CON SUBVENCIONES A FONDO PERDIDO DE HASTA EL 35%<\/h1><div class=\"header-strips-one \" ><\/div><h2 class=\"description normal \" >Zonas afectadas por la restructuraci\u00f3n de la miner\u00eda del carb\u00f3n: ciertos municipios de Arag\u00f3n, Asturias, Castilla La Mancha y Castilla Le\u00f3n.<\/h2><\/div>[vc_column_text css=&#8221;.vc_custom_1619089625375{margin-right: 20px !important;margin-left: 20px !important;padding-top: 20px !important;}&#8221;]Desde IMPULSO nos complace informales de que el MINISTERIO PARA LA TRANSICI\u00d3N ECOL\u00d3GICA Y EL RETO DEMOGR\u00c1FICO ya ha abierto la <strong>convocatoria 2021 del Programa de ayudas dirigidas a proyectos empresariales generadores de empleo, que promuevan el desarrollo alternativo de las zonas mineras (MINER)<\/strong>, que cuenta con una dotaci\u00f3n presupuestaria global de <strong>20 millones de euros<\/strong>, ampliables hasta con 2 millones m\u00e1s.<\/p>\n<p><!--more-->Asimismo, ha abierto tambi\u00e9n la <strong>convocatoria 2021 del Programa de ayudas dirigidas a peque\u00f1os proyectos de inversi\u00f3n que generen o mantengan el empleo, promoviendo el desarrollo alternativo de las zonas mineras (MINIMINER)<\/strong>, que cuenta con una dotaci\u00f3n presupuestaria global de <strong>7 millones de euros<\/strong>.<\/p>\n<p>A continuaci\u00f3n, les resumimos las <strong>principales caracter\u00edsticas<\/strong> de estas ayudas:<\/p>\n<p>&nbsp;<\/p>\n<p><strong><u>BENEFICIARIOS<\/u><\/strong><\/p>\n<p><strong>Personas f\u00edsicas o jur\u00eddicas privadas con personalidad jur\u00eddica<\/strong>, as\u00ed como las <strong>agrupaciones integradas<\/strong> por ellas, las <strong>comunidades de bienes<\/strong> y los <strong>trabajadores aut\u00f3nomos<\/strong> que vayan a acometer los proyectos generadores de empleo en las zonas definidas.<\/p>\n<p><strong>ZONAS ELEGIBLES<\/strong>: ciertos municipios en <strong>zonas afectadas por la restructuraci\u00f3n de la miner\u00eda del carb\u00f3n<\/strong> de Arag\u00f3n (en las provincias de <strong>Teruel<\/strong>, <strong>Zaragoza<\/strong> y <strong>Huesca<\/strong>), <strong>Asturias<\/strong>, Castilla La Mancha (en la provincia de <strong>Ciudad Real<\/strong>) y Castilla Le\u00f3n (en las provincias de <strong>Le\u00f3n<\/strong> y <strong>Palencia<\/strong>).<\/p>\n<p>&nbsp;<\/p>\n<p><strong><u>TIPOS DE PROYECTO<\/u><\/strong><\/p>\n<p><strong>Proyectos de inversi\u00f3n empresarial generadores de empleo en las zonas elegibles<\/strong>, pertenecientes a todas las actividades econ\u00f3micas excepto las excluidas expresamente en la orden de bases.<\/p>\n<ul>\n<li>MINER: excluidos los sectores de acero, carb\u00f3n, construcci\u00f3n naval, fibras sint\u00e9ticas, transportes, pesca y acuicultura, agricultura, y sectores energ\u00e9ticos y aeroportuarios, \u2026). En el caso del sector servicios se excluyen todos excepto servicios industriales a las empresas, residencias de la tercera edad, actividades relacionadas con el turismo rural, el ocio, el medio ambiente y el tiempo libre, y servicios destinados al desarrollo de la sociedad de la informaci\u00f3n, de la innovaci\u00f3n y de las nuevas tecnolog\u00edas.<\/li>\n<li>MINIMINER: excluidos los sectores de pesca y acuicultura, producci\u00f3n primaria de productos agr\u00edcolas, transformaci\u00f3n y comercializaci\u00f3n de productos agr\u00edcolas, seg\u00fan los casos, industria de carb\u00f3n, \u2026<\/li>\n<\/ul>\n<p>&nbsp;<\/p>\n<p><strong><u>REQUISITOS DE PROYECTOS<\/u><\/strong><\/p>\n<ul>\n<li><strong>Inversi\u00f3n<\/strong>:\n<ul>\n<li>MINER<strong>:<\/strong> \u2265 100.000 \u20ac (deber\u00e1 ejecutarse, al menos, el 50 % de la inversi\u00f3n prevista, garantiz\u00e1ndose siempre la inversi\u00f3n m\u00ednima de 100.000 \u20ac).<\/li>\n<li>MINIMINER<strong>:<\/strong> 30.000 &#8211; 500.000 \u20ac (deber\u00e1 ejecutarse, al menos, el 50 % de la inversi\u00f3n prevista, garantiz\u00e1ndose siempre la inversi\u00f3n m\u00ednima de 30.000 \u20ac).<\/li>\n<\/ul>\n<\/li>\n<li><strong>Creaci\u00f3n de empleo<\/strong>: entre la fecha de solicitud y la fecha m\u00e1xima que establezca la resoluci\u00f3n:\n<ul>\n<li>MINER<strong>:<\/strong> \u2265 3 empleos.<\/li>\n<li>MINIMINER<strong>:<\/strong> \u2265 1 empleo.<\/li>\n<\/ul>\n<\/li>\n<li><strong>Plazo de ejecuci\u00f3n: <\/strong>a contar desde la resoluci\u00f3n definitiva de concesi\u00f3n:\n<ul>\n<li>MINER: m\u00e1ximo 24 meses.<\/li>\n<li>MINIMINER: m\u00e1ximo 18 meses.<\/li>\n<\/ul>\n<\/li>\n<li><strong>Necesidad de ejecuci\u00f3n y pago<\/strong>, al menos, un <strong>10%<\/strong> de la inversi\u00f3n <strong>antes de los 6 meses<\/strong> naturales siguientes a la fecha de recepci\u00f3n de la resoluci\u00f3n definitiva.<\/li>\n<li>Al menos el <strong>25%<\/strong> de los costes subvencionables ser\u00e1 <strong>financiado con recursos propios o financiaci\u00f3n externa, <\/strong>sin ayudas p\u00fablicas.<\/li>\n<li><strong>Efecto incentivador<\/strong>. Los proyectos no podr\u00e1n estar iniciados.<\/li>\n<li><strong>Compatible con otras ayudas<\/strong>.<\/li>\n<\/ul>\n<p>&nbsp;<\/p>\n<p><strong><u>CONCEPTOS FINANCIABLES<\/u><\/strong><\/p>\n<ul>\n<li><strong>Adquisici\u00f3n de terrenos<\/strong> necesarios para la implantaci\u00f3n del proyecto.<\/li>\n<li><strong>Tra\u00eddas y acometidas de servicios<\/strong>.<\/li>\n<li><strong>Urbanizaci\u00f3n y obras exteriores<\/strong>.<\/li>\n<li><strong>Obra civil<\/strong>.<\/li>\n<li><strong>Bienes de equipo.<\/strong><\/li>\n<li><strong>Planificaci\u00f3n, ingenier\u00eda de proyecto y direcci\u00f3n facultativa de los trabajos <\/strong>(m\u00e1ximo 8% de obra civil + bienes de equipos).<\/li>\n<li><strong>Activos fijos materiales.<\/strong><\/li>\n<li><strong>Activos inmateriales considerados elementos del activo amortizable (patentes, licencias, \u2026)<\/strong>.<\/li>\n<\/ul>\n<p>&nbsp;<\/p>\n<p><strong><u>TIPO E INTENSIDAD DE AYUDA<\/u><\/strong><\/p>\n<p><strong>Subvenci\u00f3n a fondo perdido<\/strong> entre <strong>10-35%<\/strong> seg\u00fan tipo empresa y ubicaci\u00f3n del proyecto.<\/p>\n<p>Los beneficiarios de las ayudas podr\u00e1n solicitar <strong>pagos anticipados de hasta un 85%<\/strong> de las ayudas m\u00e1ximas que se concedan, previo dep\u00f3sito de <strong>garant\u00edas bancarias<\/strong>.<\/p>\n<p>En e l caso de MINIMINER la ayuda est\u00e1 sujeta a M\u00ednimis.<\/p>\n<p>&nbsp;<\/p>\n<p><strong><u>PLAZO DE PRESENTACI\u00d3N <\/u><\/strong><\/p>\n<p><strong>Abiertas desde el 23\/04\/2021 al 23\/06\/2021.<\/strong><\/p>\n<p>&nbsp;<\/p>\n<p><strong><u>DOTACI\u00d3N PRESUPUESTARIA:<\/u><\/strong><\/p>\n<ul>\n<li>MINER: 20 millones de euros ampliables en 2 millones m\u00e1s.<\/li>\n<li>MINIMINER: 7 millones de euros.<\/li>\n<\/ul>\n<hr \/>\n<p><em>22\/04\/2021<\/em>[\/vc_column_text][\/vc_column][vc_column css_animation=&#8221;none&#8221; width=&#8221;1\/6&#8243; offset=&#8221;vc_hidden-sm vc_hidden-xs&#8221;][vc_empty_space][vc_wp_search][vc_basic_grid post_type=&#8221;post&#8221; max_items=&#8221;3&#8243; element_width=&#8221;12&#8243; item=&#8221;2633&#8243; initial_loading_animation=&#8221;none&#8221; grid_id=&#8221;vc_gid:1619089787954-0fc132d6-86ef-6&#8243;][\/vc_column][\/vc_row]<\/p>\n<\/div>","protected":false},"excerpt":{"rendered":"<p>[vc_row][vc_column width=&#8221;5\/6&#8243;][vc_empty_space el_class=&#8221;vc_hidden-sm vc_hidden-xs&#8221;][vc_column_text css=&#8221;.vc_custom_1619089625375{margin-right: 20px !important;margin-left: 20px !important;padding-top: 20px !important;}&#8221;]Desde IMPULSO nos complace informales de que el MINISTERIO PARA LA TRANSICI\u00d3N ECOL\u00d3GICA Y EL RETO DEMOGR\u00c1FICO ya ha abierto la convocatoria 2021 del Programa de ayudas dirigidas a proyectos empresariales generadores de empleo, que promuevan el desarrollo alternativo de las zonas mineras (MINER), que cuenta con una dotaci\u00f3n presupuestaria global de 20 millones de euros, ampliables hasta con 2 [&hellip;]<\/p>\n","protected":false},"author":4,"featured_media":10923,"comment_status":"closed","ping_status":"closed","sticky":false,"template":"","format":"standard","meta":{"footnotes":""},"categories":[240,239],"tags":[],"class_list":["post-10922","post","type-post","status-publish","format-standard","has-post-thumbnail","hentry","category-convocatorias_publicas","category-noticias"],"rttpg_featured_image_url":{"full":["https:\/\/www.impulso.es\/wp-content\/uploads\/2021\/04\/MINER-Abierto.png",1117,550,false],"landscape":["https:\/\/www.impulso.es\/wp-content\/uploads\/2021\/04\/MINER-Abierto.png",1117,550,false],"portraits":["https:\/\/www.impulso.es\/wp-content\/uploads\/2021\/04\/MINER-Abierto.png",1117,550,false],"thumbnail":["https:\/\/www.impulso.es\/wp-content\/uploads\/2021\/04\/MINER-Abierto-150x150.png",150,150,true],"medium":["https:\/\/www.impulso.es\/wp-content\/uploads\/2021\/04\/MINER-Abierto-300x148.png",300,148,true],"large":["https:\/\/www.impulso.es\/wp-content\/uploads\/2021\/04\/MINER-Abierto-1024x504.png",1024,504,true],"1536x1536":["https:\/\/www.impulso.es\/wp-content\/uploads\/2021\/04\/MINER-Abierto.png",1117,550,false],"2048x2048":["https:\/\/www.impulso.es\/wp-content\/uploads\/2021\/04\/MINER-Abierto.png",1117,550,false],"post-thumbnail":["https:\/\/www.impulso.es\/wp-content\/uploads\/2021\/04\/MINER-Abierto-100x100.png",100,100,true],"bg-image":["https:\/\/www.impulso.es\/wp-content\/uploads\/2021\/04\/MINER-Abierto.png",1117,550,false],"fullwidth-landscape":["https:\/\/www.impulso.es\/wp-content\/uploads\/2021\/04\/MINER-Abierto-1117x500.png",1117,500,true],"sidebar-landscape":["https:\/\/www.impulso.es\/wp-content\/uploads\/2021\/04\/MINER-Abierto-880x380.png",880,380,true],"sidebar-auto":["https:\/\/www.impulso.es\/wp-content\/uploads\/2021\/04\/MINER-Abierto-880x433.png",880,433,true],"portfolio-square":["https:\/\/www.impulso.es\/wp-content\/uploads\/2021\/04\/MINER-Abierto-450x350.png",450,350,true],"portfolio-auto":["https:\/\/www.impulso.es\/wp-content\/uploads\/2021\/04\/MINER-Abierto-450x222.png",450,222,true],"square":["https:\/\/www.impulso.es\/wp-content\/uploads\/2021\/04\/MINER-Abierto-270x270.png",270,270,true]},"rttpg_author":{"display_name":"Ana Cordero","author_link":"https:\/\/www.impulso.es\/en\/author\/ana\/"},"rttpg_comment":0,"rttpg_category":"<a href=\"https:\/\/www.impulso.es\/category\/convocatorias_publicas\/\" rel=\"category tag\">Convocatorias p\u00fablicas<\/a> <a href=\"https:\/\/www.impulso.es\/category\/noticias\/\" rel=\"category tag\">Noticias<\/a>","rttpg_excerpt":"[vc_row][vc_column width=&#8221;5\/6&#8243;][vc_empty_space el_class=&#8221;vc_hidden-sm vc_hidden-xs&#8221;][vc_column_text css=&#8221;.vc_custom_1619089625375{margin-right: 20px !important;margin-left: 20px !important;padding-top: 20px !important;}&#8221;]Desde IMPULSO nos complace informales de que el MINISTERIO PARA LA TRANSICI\u00d3N ECOL\u00d3GICA Y EL RETO DEMOGR\u00c1FICO ya ha abierto la convocatoria 2021 del Programa de ayudas dirigidas a proyectos empresariales generadores de empleo, que promuevan el desarrollo alternativo de las zonas mineras (MINER), que&hellip;","_links":{"self":[{"href":"https:\/\/www.impulso.es\/en\/wp-json\/wp\/v2\/posts\/10922","targetHints":{"allow":["GET"]}}],"collection":[{"href":"https:\/\/www.impulso.es\/en\/wp-json\/wp\/v2\/posts"}],"about":[{"href":"https:\/\/www.impulso.es\/en\/wp-json\/wp\/v2\/types\/post"}],"author":[{"embeddable":true,"href":"https:\/\/www.impulso.es\/en\/wp-json\/wp\/v2\/users\/4"}],"replies":[{"embeddable":true,"href":"https:\/\/www.impulso.es\/en\/wp-json\/wp\/v2\/comments?post=10922"}],"version-history":[{"count":0,"href":"https:\/\/www.impulso.es\/en\/wp-json\/wp\/v2\/posts\/10922\/revisions"}],"wp:featuredmedia":[{"embeddable":true,"href":"https:\/\/www.impulso.es\/en\/wp-json\/wp\/v2\/media\/10923"}],"wp:attachment":[{"href":"https:\/\/www.impulso.es\/en\/wp-json\/wp\/v2\/media?parent=10922"}],"wp:term":[{"taxonomy":"category","embeddable":true,"href":"https:\/\/www.impulso.es\/en\/wp-json\/wp\/v2\/categories?post=10922"},{"taxonomy":"post_tag","embeddable":true,"href":"https:\/\/www.impulso.es\/en\/wp-json\/wp\/v2\/tags?post=10922"}],"curies":[{"name":"wp","href":"https:\/\/api.w.org\/{rel}","templated":true}]}}