{"id":13089,"date":"2024-09-06T13:22:27","date_gmt":"2024-09-06T11:22:27","guid":{"rendered":"https:\/\/www.impulso.es\/?p=13089"},"modified":"2024-09-19T13:02:59","modified_gmt":"2024-09-19T11:02:59","slug":"el-director-general-de-impulso-paco-cuervo-participo-en-la-mesa-redonda-sobre-industria","status":"publish","type":"post","link":"https:\/\/www.impulso.es\/en\/el-director-general-de-impulso-paco-cuervo-participo-en-la-mesa-redonda-sobre-industria\/","title":{"rendered":"El director general de Impulso Paco Cuervo, particip\u00f3 en la mesa redonda sobre Industria y Energ\u00eda en el curso de verano de UGT Asturias"},"content":{"rendered":"<div class=\"wpb-content-wrapper\"><p>[vc_row][vc_column width=&#8221;5\/6&#8243;][vc_empty_space el_class=&#8221;vc_hidden-sm vc_hidden-xs&#8221;]<div class=\"vntd-special-heading\"style=\"margin-bottom:px;\"><h1 class=\"header  font-secondary\" >El director general de Impulso Paco Cuervo, particip\u00f3 en la mesa redonda sobre Industria y Energ\u00eda en el curso de verano de UGT Asturias<\/h1><div class=\"header-strips-one \" ><\/div><h2 class=\"description normal \" >El Gobierno estudia con Arcelor ayudas para construir un horno el\u00e9ctrico en Avil\u00e9s<\/h2><\/div>[vc_column_text css=&#8221;.vc_custom_1725623894112{margin-right: 20px !important;margin-left: 20px !important;padding-top: 20px !important;}&#8221;]Las negociaciones del Gobierno central con Arcelor sobre la planta de reducci\u00f3n directa del mineral de hierro (DRI) son \u00abpermanentes\u00bb, como insisten ambas partes en los \u00faltimos tres a\u00f1os. Pero m\u00e1s all\u00e1 de lograr desatascar esta inversi\u00f3n, vital para garantizar la siderurgia integral en Asturias, el Ejecutivo estudia con la multinacional las ayudas que podr\u00eda concederle para abordar la construcci\u00f3n de un horno el\u00e9ctrico h\u00edbrido en Avil\u00e9s. La obra, similar a la que ya se est\u00e1 ejecutando en Gij\u00f3n, es demandada tanto por la Administraci\u00f3n como por los sindicatos, ya que permitir\u00eda no tener que reducir la producci\u00f3n de acero en la regi\u00f3n en el corto plazo, cuando ya solo funcione uno de los dos hornos altos.<\/p>\n<p>Sin embargo, hay otro aspecto que convierte esta instalaci\u00f3n en clave y que ayer puso sobre la mesa el comisionado especial para el PERTE de la Descarbonizaci\u00f3n Industrial, Luis \u00c1ngel Colunga: con otro horno que consuma DRI, a Arcelor le interesar\u00eda m\u00e1s producirlo &#8216;in situ&#8217;. \u00abSer\u00eda muy dif\u00edcil que una compa\u00f1\u00eda que electrifica dos acer\u00edas, con un volumen tan fuerte de producci\u00f3n en Asturias, importara el DRI\u00bb, apunt\u00f3 antes de participar en una mesa redonda sobre industria y energ\u00eda en el contexto de la descarbonizaci\u00f3n, dentro de la Escuela Internacional de Verano Manuel Fern\u00e1ndez L\u00f3pez &#8216;Lito&#8217;, que organiza UGT. Porque, adem\u00e1s, el DRI no se transporta tan f\u00e1cilmente, debido a que entre otros aspectos posee poder de autocombusti\u00f3n y explosi\u00f3n.<\/p>\n<p>El fin es lograr que la planta de DRI se construya en Asturias, aunque sea a costa de cierto rodeo que permitir\u00eda hacerla m\u00e1s atractiva a la sider\u00fargica y, de paso, no reducir la producci\u00f3n de las factor\u00edas. De ah\u00ed que se est\u00e9n \u00abestudiando con mucha profundidad todas las fuentes de financiaci\u00f3n para electrificar la acer\u00eda de Avil\u00e9s\u00bb, explic\u00f3.<\/p>\n<p>La decisi\u00f3n por parte de Arcelor, m\u00e1s interesada en otros mercados como India o EE UU, es compleja, hasta el punto de que ninguna de las plantas de DRI que hab\u00eda anunciado en Europa tienen a\u00fan su aprobaci\u00f3n, afectadas tanto por los costes de operaci\u00f3n que se prev\u00e9n, como por la debilidad del mercado y la entrada cada vez mayor de acero extracomunitario a precios bajos. As\u00ed, desde Industria se negocia tambi\u00e9n con otros organismos, como el Ministerio de Hacienda, mecanismos que puedan facilitar la producci\u00f3n, como llevar las ayudas por los costes indirectos del CO2 al m\u00e1ximo que permite Bruselas, y con la vista puesta tambi\u00e9n en lograr un hidr\u00f3geno verde competitivo.<\/p>\n<p>Pese a ello, de momento, los proyectos en marcha no pueden garantizar los precios que necesitar\u00eda la industria. A este asunto se refiri\u00f3 tambi\u00e9n la directora de Stakeholders, Management and Public Affairs Iberia en EDP, Yolanda Fern\u00e1ndez Montes, que abord\u00f3 la complejidad de su proyecto para hacer de la t\u00e9rmica de Abo\u00f1o un valle del hidr\u00f3geno. \u00abTenemos que llevar el agua a la instalaci\u00f3n para poder producir el hidr\u00f3geno, construir los hidroductos para llevarlo a las instalaciones de los clientes y que estos compren ese hidr\u00f3geno\u00bb, relat\u00f3, todo ello acompa\u00f1ado de gran burocracia, que alarga enormemente los plazos, e innovadores desarrollos tecnol\u00f3gicos. A ello se suma que ese hidr\u00f3geno ser\u00e1 m\u00e1s caro que los combustibles f\u00f3siles actuales, por lo que reclam\u00f3 mecanismos que faciliten a la industria optar por \u00e9l.<\/p>\n<p>Asimismo, incidi\u00f3 en el actual atasco de las redes el\u00e9ctricas, que puede dar al traste con los proyectos de electrificaci\u00f3n de las empresas, tanto por el incremento de la demanda actual y futura como por un uso que est\u00e1 lejos de ser \u00f3ptimo y que las \u00absecuestra\u00bb. \u00abEl acceso a la red se plantea como si se usara todo el d\u00eda, se bloquea la capacidad, y nos est\u00e1 pasando que muchas empresas nos piden un aumento de potencia para poder incrementar su negocio y no se les puede dar\u00bb, censur\u00f3. Adem\u00e1s, la planificaci\u00f3n se hace cada cinco a\u00f1os \u00aby si algo no est\u00e1 previsto, no se puede hacer\u00bb. De ah\u00ed que hablara de \u00abun bloqueo real\u00bb de proyectos e insistiera en que \u00abhay que revisar la gesti\u00f3n\u00bb.<\/p>\n<p>Expectativas poco realistas<\/p>\n<p>Tambi\u00e9n particip\u00f3 en la mesa redonda Paco Cuervo, director general de la empresa de arquitectura, ingenier\u00eda y consultor\u00eda Impulso, que ahond\u00f3 en la complejidad de los fondos NextGeneration, pero tambi\u00e9n en las falsas expectativas que se crearon sobre ellos. Igualmente, insisti\u00f3 en que, \u00absi un proyecto es bueno y est\u00e1 maduro, hay ayudas, tanto subvenciones como financiaci\u00f3n\u00bb, aunque las demandas tienen que ser realistas, aclar\u00f3. Asimismo, puso el foco en la importancia, ya no solo de los apoyos a fondo perdido, sino tambi\u00e9n en los financieros, a pesar de que, seg\u00fan reconoci\u00f3 Colunga, est\u00e1n fallando en los PERTE.<\/p>\n<p>Otro asunto que se abord\u00f3 fue el de la ruptura del mercado \u00fanico europeo, al dar Bruselas v\u00eda libre a las ayudas de Estado, algo que aprovechan m\u00e1s los pa\u00edses con mayor m\u00fasculo financiero. Igualmente, los tres se mostraron optimistas sobre las oportunidades que tiene Asturias, \u00abcon proyectos como nunca se hab\u00edan visto\u00bb, disponibilidad de ayudas y una experiencia industrial y energ\u00e9tica fundamental.<\/p>\n<p>Previamente a esta mesa redonda, que fue moderada por la subjefa de Econom\u00eda de EL COMERCIO, Noelia A. Erausquin, se celebr\u00f3 otra sobre el acceso a la vivienda y la crisis habitacional actual, en la que participaron los diputados Monchu Garc\u00eda (PSOE); Susana Fern\u00e1ndez Arias (PP); Delia<\/p>\n<p>Campomanes (Convocatoria por Asturies IU-M\u00e1s Pa\u00eds-IAS), Adri\u00e1n Pumares (Foro Asturias) y Covadonga Tom\u00e9 (Grupo Mixto), que plantearon distintas v\u00edas para hacer accesible este derecho constitucional.<\/p>\n<p>&nbsp;<\/p>\n<p>Fuente: <a href=\"https:\/\/www.elcomercio.es\/\" target=\"_blank\" rel=\"noopener\">El comercio<\/a>[\/vc_column_text][\/vc_column][vc_column css_animation=&#8221;left-to-right&#8221; width=&#8221;1\/6&#8243; offset=&#8221;vc_hidden-sm vc_hidden-xs&#8221;][vc_empty_space][vc_wp_search][vc_basic_grid post_type=&#8221;post&#8221; max_items=&#8221;3&#8243; element_width=&#8221;12&#8243; item=&#8221;2633&#8243; initial_loading_animation=&#8221;none&#8221; grid_id=&#8221;vc_gid:1726743626280-b38e31a5-620c-9&#8243;][\/vc_column][\/vc_row]<\/p>\n<\/div>","protected":false},"excerpt":{"rendered":"<p>[vc_row][vc_column width=&#8221;5\/6&#8243;][vc_empty_space el_class=&#8221;vc_hidden-sm vc_hidden-xs&#8221;][vc_column_text css=&#8221;.vc_custom_1725623894112{margin-right: 20px !important;margin-left: 20px !important;padding-top: 20px !important;}&#8221;]Las negociaciones del Gobierno central con Arcelor sobre la planta de reducci\u00f3n directa del mineral de hierro (DRI) son \u00abpermanentes\u00bb, como insisten ambas partes en los \u00faltimos tres a\u00f1os. Pero m\u00e1s all\u00e1 de lograr desatascar esta inversi\u00f3n, vital para garantizar la siderurgia integral en Asturias, el Ejecutivo estudia con la multinacional las ayudas que podr\u00eda concederle para abordar la construcci\u00f3n [&hellip;]<\/p>\n","protected":false},"author":2,"featured_media":13090,"comment_status":"closed","ping_status":"closed","sticky":false,"template":"","format":"standard","meta":{"footnotes":""},"categories":[241,239],"tags":[],"class_list":["post-13089","post","type-post","status-publish","format-standard","has-post-thumbnail","hentry","category-impulso-en-los-medios","category-noticias"],"rttpg_featured_image_url":{"full":["https:\/\/www.impulso.es\/wp-content\/uploads\/2024\/09\/noticia_el-comercio_03-09-2024-jpg-e1725622751835.webp",1600,658,false],"landscape":["https:\/\/www.impulso.es\/wp-content\/uploads\/2024\/09\/noticia_el-comercio_03-09-2024-jpg-e1725622751835.webp",1600,658,false],"portraits":["https:\/\/www.impulso.es\/wp-content\/uploads\/2024\/09\/noticia_el-comercio_03-09-2024-jpg-e1725622751835.webp",1600,658,false],"thumbnail":["https:\/\/www.impulso.es\/wp-content\/uploads\/2024\/09\/noticia_el-comercio_03-09-2024-jpg-e1725622751835-150x150.webp",150,150,true],"medium":["https:\/\/www.impulso.es\/wp-content\/uploads\/2024\/09\/noticia_el-comercio_03-09-2024-jpg-e1725622751835-300x123.webp",300,123,true],"large":["https:\/\/www.impulso.es\/wp-content\/uploads\/2024\/09\/noticia_el-comercio_03-09-2024-jpg-e1725622751835-1024x421.webp",1024,421,true],"1536x1536":["https:\/\/www.impulso.es\/wp-content\/uploads\/2024\/09\/noticia_el-comercio_03-09-2024-jpg-e1725622751835-1536x632.webp",1536,632,true],"2048x2048":["https:\/\/www.impulso.es\/wp-content\/uploads\/2024\/09\/noticia_el-comercio_03-09-2024-jpg-e1725622751835.webp",1600,658,false],"post-thumbnail":["https:\/\/www.impulso.es\/wp-content\/uploads\/2024\/09\/noticia_el-comercio_03-09-2024-jpg-e1725622751835-100x100.webp",100,100,true],"bg-image":["https:\/\/www.impulso.es\/wp-content\/uploads\/2024\/09\/noticia_el-comercio_03-09-2024-jpg-e1725622751835.webp",1600,658,false],"fullwidth-landscape":["https:\/\/www.impulso.es\/wp-content\/uploads\/2024\/09\/noticia_el-comercio_03-09-2024-jpg-e1725622751835-1170x500.webp",1170,500,true],"sidebar-landscape":["https:\/\/www.impulso.es\/wp-content\/uploads\/2024\/09\/noticia_el-comercio_03-09-2024-jpg-e1725622751835-880x380.webp",880,380,true],"sidebar-auto":["https:\/\/www.impulso.es\/wp-content\/uploads\/2024\/09\/noticia_el-comercio_03-09-2024-jpg-e1725622751835-880x362.webp",880,362,true],"portfolio-square":["https:\/\/www.impulso.es\/wp-content\/uploads\/2024\/09\/noticia_el-comercio_03-09-2024-jpg-e1725622751835-450x350.webp",450,350,true],"portfolio-auto":["https:\/\/www.impulso.es\/wp-content\/uploads\/2024\/09\/noticia_el-comercio_03-09-2024-jpg-e1725622751835-450x185.webp",450,185,true],"square":["https:\/\/www.impulso.es\/wp-content\/uploads\/2024\/09\/noticia_el-comercio_03-09-2024-jpg-e1725622751835-450x450.webp",450,450,true]},"rttpg_author":{"display_name":"Alvaro Rodriguez","author_link":"https:\/\/www.impulso.es\/en\/author\/dragon\/"},"rttpg_comment":0,"rttpg_category":"<a href=\"https:\/\/www.impulso.es\/category\/impulso-en-los-medios\/\" rel=\"category tag\">IMPULSO en los medios<\/a> <a href=\"https:\/\/www.impulso.es\/category\/noticias\/\" rel=\"category tag\">Noticias<\/a>","rttpg_excerpt":"[vc_row][vc_column width=&#8221;5\/6&#8243;][vc_empty_space el_class=&#8221;vc_hidden-sm vc_hidden-xs&#8221;][vc_column_text css=&#8221;.vc_custom_1725623894112{margin-right: 20px !important;margin-left: 20px !important;padding-top: 20px !important;}&#8221;]Las negociaciones del Gobierno central con Arcelor sobre la planta de reducci\u00f3n directa del mineral de hierro (DRI) son \u00abpermanentes\u00bb, como insisten ambas partes en los \u00faltimos tres a\u00f1os. Pero m\u00e1s all\u00e1 de lograr desatascar esta inversi\u00f3n, vital para garantizar la siderurgia integral en Asturias,&hellip;","_links":{"self":[{"href":"https:\/\/www.impulso.es\/en\/wp-json\/wp\/v2\/posts\/13089","targetHints":{"allow":["GET"]}}],"collection":[{"href":"https:\/\/www.impulso.es\/en\/wp-json\/wp\/v2\/posts"}],"about":[{"href":"https:\/\/www.impulso.es\/en\/wp-json\/wp\/v2\/types\/post"}],"author":[{"embeddable":true,"href":"https:\/\/www.impulso.es\/en\/wp-json\/wp\/v2\/users\/2"}],"replies":[{"embeddable":true,"href":"https:\/\/www.impulso.es\/en\/wp-json\/wp\/v2\/comments?post=13089"}],"version-history":[{"count":0,"href":"https:\/\/www.impulso.es\/en\/wp-json\/wp\/v2\/posts\/13089\/revisions"}],"wp:featuredmedia":[{"embeddable":true,"href":"https:\/\/www.impulso.es\/en\/wp-json\/wp\/v2\/media\/13090"}],"wp:attachment":[{"href":"https:\/\/www.impulso.es\/en\/wp-json\/wp\/v2\/media?parent=13089"}],"wp:term":[{"taxonomy":"category","embeddable":true,"href":"https:\/\/www.impulso.es\/en\/wp-json\/wp\/v2\/categories?post=13089"},{"taxonomy":"post_tag","embeddable":true,"href":"https:\/\/www.impulso.es\/en\/wp-json\/wp\/v2\/tags?post=13089"}],"curies":[{"name":"wp","href":"https:\/\/api.w.org\/{rel}","templated":true}]}}