{"id":14077,"date":"2026-01-19T14:14:09","date_gmt":"2026-01-19T12:14:09","guid":{"rendered":"https:\/\/www.impulso.es\/?p=14077"},"modified":"2026-01-19T14:14:09","modified_gmt":"2026-01-19T12:14:09","slug":"apertura-segunda-convocatoria-repotenciacion-circular-repoten2","status":"publish","type":"post","link":"https:\/\/www.impulso.es\/en\/apertura-segunda-convocatoria-repotenciacion-circular-repoten2\/","title":{"rendered":"APERTURA DE LA SEGUNDA CONVOCATORIA DE LOS PROGRAMAS DE \u201cREPOTENCIACI\u00d3N CIRCULAR\u201d (REPOTEN2)"},"content":{"rendered":"<div class=\"wpb-content-wrapper\"><p>[vc_row][vc_column width=&#8221;5\/6&#8243;][vc_empty_space el_class=&#8221;vc_hidden-sm vc_hidden-xs&#8221;]<div class=\"vntd-special-heading\"style=\"margin-bottom:px;\"><h1 class=\"header  font-secondary\" >APERTURA DE LA SEGUNDA CONVOCATORIA DE LOS PROGRAMAS DE \u201cREPOTENCIACI\u00d3N CIRCULAR\u201d (REPOTEN2)<\/h1><div class=\"header-strips-one \" ><\/div><h2 class=\"description normal \" >La convocatoria estar\u00e1 abierta desde el 15 de enero al 24 de febrero<\/h2><\/div>[vc_column_text css=&#8221;.vc_custom_1768824806324{margin-right: 20px !important;margin-left: 20px !important;padding-top: 20px !important;}&#8221;]Desde <strong>IMPULSO<\/strong> nos complace informales de que ya est\u00e1 abierta la segunda convocatoria del <strong>PROGRAMA REPOTENCIACI\u00d3N CIRCULAR<\/strong> de <strong>AYUDAS A PROYECTOS DE REPOTENCIACI\u00d3N DE INSTALACIONES E\u00d3LICAS, DE RENOVACI\u00d3N TECNOL\u00d3GICA Y MEDIOAMBIENTAL DE MINICENTRALES HIDROEL\u00c9CTRICAS Y DE INSTALACIONES INNOVADORAS DE RECICLAJE DE PALAS DE AEROGENERADORES<\/strong> (<strong>REPOTEN2<\/strong>) la concesi\u00f3n de ayudas a la inversi\u00f3n en la repotenciaci\u00f3n de instalaciones e\u00f3licas y en la renovaci\u00f3n tecnol\u00f3gica y medioambiental de minicentrales hidroel\u00e9ctricas de hasta 50 MW.<\/p>\n<p><!--more--><\/p>\n<p>Al igual que en la primera edici\u00f3n, el <strong>Instituto para la Diversificaci\u00f3n y Ahorro de la Energ\u00eda (IDAE)<\/strong> ser\u00e1 el encargado de gestionar estas ayudas, que se conceder\u00e1n en forma de <strong>subvenci\u00f3n fondo perdido<\/strong> y en <strong>r\u00e9gimen de concurrencia competitiva<\/strong><\/p>\n<p>Esta segunda convocatoria est\u00e1 dotada con un total de <strong>292 millones de euros<\/strong>.<\/p>\n<p>A continuaci\u00f3n, les resumimos las <strong>principales caracter\u00edsticas<\/strong> de estas ayudas:<\/p>\n<p>&nbsp;<\/p>\n<p><strong><u>BENEFICIARIOS<\/u><\/strong><\/p>\n<p>Podr\u00e1n obtener la condici\u00f3n de entidades beneficiarias <strong>personas jur\u00eddicas, p\u00fablicas o privadas<\/strong>, as\u00ed como <strong>consorcios o agrupaciones empresariales <\/strong>con personalidad jur\u00eddica propia, legal y v\u00e1lidamente constituidas en Espa\u00f1a.<\/p>\n<p>&nbsp;<\/p>\n<p><strong><u>TIPOS DE PROYECTO<\/u><\/strong><\/p>\n<p><strong>Proyectos de inversi\u00f3n<\/strong> encuadrados en los siguientes programas:<\/p>\n<ol>\n<li><strong>Programa 1<\/strong>: Repotenciaci\u00f3n de instalaciones e\u00f3licas (instalaciones de generaci\u00f3n) que podr\u00e1n incluir la adici\u00f3n de almacenamiento hibridado. (<strong>Dotado con 252 millones de euros<\/strong>)<\/li>\n<li><strong>Programa 2:<\/strong> Renovaci\u00f3n tecnol\u00f3gica y medioambiental de minicentrales hidroel\u00e9ctricas de hasta 50 MW (instalaciones de generaci\u00f3n existentes) que podr\u00e1n incluir la adici\u00f3n de almacenamiento hibridado. (<strong>Dotado con 40 millones de euros<\/strong>)<\/li>\n<\/ol>\n<p>Un mismo solicitante podr\u00e1 presentar m\u00e1s de un proyecto subvencionable, aunque la ayuda a otorgar no podr\u00e1 superar el l\u00edmite de ayuda por proyecto y beneficiario que se establezca en la orden de bases (30 millones de euros).<\/p>\n<p>&nbsp;<\/p>\n<p><strong><u>REQUISITOS DE LOS PROYECTOS<\/u><\/strong><\/p>\n<ul>\n<li>El <strong>plazo para la realizaci\u00f3n<\/strong> de las inversiones subvencionables y ejecuci\u00f3n de las actuaciones objeto de la ayuda ser\u00e1 <strong>hasta el 31 de diciembre de 2030. <\/strong><\/li>\n<li><strong>Programa 1: Repotenciaci\u00f3n de instalaciones e\u00f3licas.<\/strong>\n<ul>\n<li>Sustituci\u00f3n completa de los aerogeneradores por otros nuevos y sin uso previo.<\/li>\n<li>La instalaci\u00f3n e\u00f3lica existente a repotenciar debe haber comenzado su operaci\u00f3n antes del 30 de junio de 2010 (un m\u00ednimo de 20 a\u00f1os con anterioridad a la fecha l\u00edmite para la realizaci\u00f3n de las actuaciones).<\/li>\n<li>Costes subvencionables <strong>m\u00ednimos de 1 mill\u00f3n de euros<\/strong> por proyecto.<\/li>\n<li>Tanto las instalaciones existentes asociadas como las nuevas tras la repotenciaci\u00f3n deber\u00e1n estar conectadas a la red de distribuci\u00f3n y\/o transporte.<\/li>\n<\/ul>\n<\/li>\n<li><strong>Programa 2: Renovaci\u00f3n tecnol\u00f3gica y medioambiental de minicentrales hidroel\u00e9ctricas de hasta 50 MW., <\/strong>que incluya alguno de estos tipos de actuaciones:\n<ul>\n<li><strong>Renovaci\u00f3n tecnol\u00f3gica basada en la sustituci\u00f3n, total o parcial de equipos principales preexistentes, por otros nuevos y sin uso previo<\/strong>, as\u00ed como la <strong>rehabilitaci\u00f3n de las instalaciones hidr\u00e1ulicas<\/strong> que componen el aprovechamiento. Asimismo, se incluir\u00e1 la <strong>instalaci\u00f3n de nuevos grupos turbogeneradores para el aprovechamiento de caudales<\/strong> ecol\u00f3gicos en minicentrales existentes, siempre y cuando la potencia total resultante no supere los 50 MW.<\/li>\n<li><strong>Renovaci\u00f3n medioambiental, dirigida a la protecci\u00f3n o mejora de los ecosistemas, adaptaci\u00f3n a las condiciones derivadas de la nueva planificaci\u00f3n hidrol\u00f3gica y medioambiental y adecuaci\u00f3n e integraci\u00f3n en el territorio de todas las instalaciones<\/strong>.<\/li>\n<\/ul>\n<\/li>\n<li>Las minicentrales hidroel\u00e9ctricas para las que se solicite ayuda deber\u00e1n tener como <strong>m\u00ednimo 5 a\u00f1os de vigencia<\/strong><\/li>\n<li>No podr\u00e1n modificar las caracter\u00edsticas esenciales de la concesi\u00f3n de aguas de dicha minicentral hidroel\u00e9ctrica, sin obtener previamente autorizaci\u00f3n.<\/li>\n<li><strong>Costes subvencionables m\u00ednimos de 400 mil de euros<\/strong> por proyecto.<\/li>\n<li>Se debe garantizar el cumplimiento del principio<\/li>\n<li>El <strong>70% de los residuos deben estar preparados para el reciclaje, reutilizaci\u00f3n y recuperaci\u00f3n<\/strong>.<\/li>\n<li>Podr\u00e1n incluir instalaciones de almacenamiento. El componente de almacenamiento absorber\u00e1 al menos el 75 % de su energ\u00eda de instalaciones de generaci\u00f3n de energ\u00eda renovable directamente conectadas.<\/li>\n<li>Efecto incentivador.<\/li>\n<\/ul>\n<p>&nbsp;<\/p>\n<p><strong><u>CONCEPTOS FINANCIABLES<\/u><\/strong><\/p>\n<ul>\n<li>La inversi\u00f3n en equipos y materiales relacionadas con la tipolog\u00eda de actuaci\u00f3n incluidos los sistemas de almacenamiento hibridado, en su caso.<\/li>\n<li>Los costes de ejecuci\u00f3n de las obras y\/o instalaciones relacionadas con la tipolog\u00eda de actuaci\u00f3n objeto de ayuda<\/li>\n<li>Equipamientos electromec\u00e1nicos, hidr\u00e1ulicos, de control y auxiliares cuando est\u00e9n asociados a la actuaci\u00f3n objeto de ayuda<\/li>\n<li>Sistema el\u00e9ctrico general de Alta Tensi\u00f3n y Baja Tensi\u00f3n, incluyendo transformadores, l\u00ednea de evacuaci\u00f3n y sistemas e infraestructuras el\u00e9ctricas adicionales hasta el punto de conexi\u00f3n con la red el\u00e9ctrica de transporte o distribuci\u00f3n. En su caso, se incluir\u00e1n las protecciones y equipamientos que correspondan bajo el REBT o el RIAT.<\/li>\n<li>Sistemas de gesti\u00f3n, control activo y monitorizaci\u00f3n tanto de la generaci\u00f3n como de la acumulaci\u00f3n, que ayuden a optimizar la gesti\u00f3n y producci\u00f3n.<\/li>\n<li>Sistemas de gesti\u00f3n, control activo y monitorizaci\u00f3n de la demanda de energ\u00eda el\u00e9ctrica de instalaciones consumidoras abastecidas por el proyecto objeto de la ayuda.<\/li>\n<li>Redes de distribuci\u00f3n inteligentes (smart grids) para gestionar la generaci\u00f3n distribuida localizada en entornos urbanos y periurbanos, y los sistemas de integraci\u00f3n de energ\u00eda el\u00e9ctrica y gesti\u00f3n de la demanda, en gran medida renovable, y que deber\u00e1 ser tambi\u00e9n gestionable y estar abastecida por el proyecto objeto de la ayuda.<\/li>\n<li>Transporte y montaje, puesta en marcha, controles de calidad y ensayos de las instalaciones.<\/li>\n<li>Para el programa 1, se incluyen los sistemas de medici\u00f3n del recurso e\u00f3lico en el emplazamiento<\/li>\n<li>Para el programa 2, se incluir\u00e1n los sistemas de medida completos de los caudales a turbinar, caudal ecol\u00f3gico y los diferentes niveles en la zona de toma y de desag\u00fce, incluyendo sondas de nivel, registradores, etc<\/li>\n<li>Obras civiles, cuando est\u00e9n relacionadas con la actuaci\u00f3n objeto de ayuda y aquellas que sean necesarias para la correcta ejecuci\u00f3n del proyecto, tales como: la adecuaci\u00f3n de accesos internos en la poligonal autorizada a un parque e\u00f3lico. Asimismo, se consideran elegibles como obra civil las siguientes partidas: edificaciones necesarias para el proyecto, campas, excavaciones, zanjas y canalizaciones y tuber\u00edas asociados a la instalaci\u00f3n de generaci\u00f3n, o a los sistemas de integraci\u00f3n de energ\u00eda el\u00e9ctrica, ayudas de alba\u00f1iler\u00eda, instalaciones auxiliares necesarias, viales de servidumbre interna de la instalaci\u00f3n, adecuaci\u00f3n de accesos internos y hasta la instalaci\u00f3n, edificios de control, plataformas de montaje, instalaciones temporales, medidas de protecci\u00f3n de h\u00e1bitats, medidas de seguridad y salud, restauraci\u00f3n y medidas medioambientales correctoras despu\u00e9s de las obras. Adicionalmente, para la tecnolog\u00eda hidroel\u00e9ctrica se considerar\u00e1n elegibles las actuaciones en canales, tuber\u00edas forzadas, azudes o presas, obras de toma, aliviaderos y cualquier instalaci\u00f3n hidr\u00e1ulica que integre la instalaci\u00f3n completa, as\u00ed como las obras de limpieza y drenajes aguas abajo de las salidas de compuertas.<\/li>\n<li>Para el programa 2, el coste de las medidas de protecci\u00f3n medioambiental, mejora de los h\u00e1bitats, protecci\u00f3n de los recursos h\u00eddricos e integraci\u00f3n en el territorio de las instalaciones<\/li>\n<li>Para los programas 1 y 2, el coste del desmantelamiento de las instalaciones existentes asociadas que dar\u00e1n lugar a las nuevas instalaciones tras la repotenciaci\u00f3n o renovaci\u00f3n tecnol\u00f3gica y medioambiental.<\/li>\n<li>Cimentaciones u otros sistemas de anclaje, si procede en la actuaci\u00f3n objeto de ayuda.<\/li>\n<li>Los costes de la redacci\u00f3n de los proyectos o memorias t\u00e9cnicas relacionados con la tipolog\u00eda de actuaci\u00f3n objeto de ayuda.<\/li>\n<li>Los costes de la direcci\u00f3n facultativa, incluida la emisi\u00f3n y visado de certificaciones de obra, relacionados con la tipolog\u00eda de actuaci\u00f3n objeto de ayuda.<\/li>\n<li>Coordinaci\u00f3n de Seguridad y Salud de la obra y montaje relacionado con la tipolog\u00eda de actuaci\u00f3n objeto de ayuda<\/li>\n<li>Los costes de gesti\u00f3n de la solicitud y de la justificaci\u00f3n de la realizaci\u00f3n de las actuaciones de la ayuda, incluida la redacci\u00f3n de informes y dem\u00e1s documentaci\u00f3n requerida para la solicitud y justificaci\u00f3n, el\/los informe(s) de autoevaluaci\u00f3n del cumplimiento de no causar da\u00f1o significativo al medio ambiente, inclusive. S\u00f3lo ser\u00e1n elegibles los costes de gesti\u00f3n que no superen el 7 % del importe de los costes elegibles totales sin ser incluidos los costes presentados en este p\u00e1rrafo, con un l\u00edmite m\u00e1ximo de 10.000 euros por expediente, en caso de que estos gastos sean satisfechos por empresas o profesionales distintos del solicitante o destinario \u00faltimo de la ayuda; a\u00f1adi\u00e9ndose a este l\u00edmite un l\u00edmite de 60 euros\/hora ordinaria de trabajo en caso de que dichos costes sean satisfechos por el propio personal de la entidad solicitante o destinatario \u00faltimo de la ayuda.<\/li>\n<li>Costes relativos al cumplimiento de las obligaciones del principio DNSH.<\/li>\n<li>Costes de comunicaci\u00f3n relativos al cumplimiento de las obligaciones de informaci\u00f3n y publicidad en el marco del NextGenerationEU y el PRTR, con un l\u00edmite m\u00e1ximo de 3.000 euros por expediente.<\/li>\n<li>Para el programa 3, aquellas partidas de inversi\u00f3n adicionales destinadas a la incorporaci\u00f3n de instalaciones renovables para la cobertura de los autoconsumos el\u00e9ctricos y t\u00e9rmicos asociados a los procesos productivos de las plantas de reciclaje de palas objeto de la actuaci\u00f3n relacionada con la actuaci\u00f3n.<\/li>\n<\/ul>\n<p>&nbsp;<\/p>\n<p><strong><u>TIPO E INTENSIDAD DE AYUDA<\/u><\/strong><\/p>\n<p>Ayudas en forma de <strong>subvenci\u00f3n a fondo perdido<\/strong>, siendo la intensidad m\u00e1xima de las ayudas hasta el <strong>35 %<\/strong> del coste subvencionable.<\/p>\n<p>Las intensidades de ayuda anteriores <strong>se podr\u00e1n incrementar en 5 puntos porcentuales<\/strong> cuando la actuaci\u00f3n se sit\u00fae en islas y\/o en municipios de hasta 5.000 habitantes, o municipios no urbanos de hasta 20.000 habitantes cuyos n\u00facleos tengan una poblaci\u00f3n menor o igual a 5.000 habitantes y\/o en municipios incluidos en los Convenios de Transici\u00f3n Justa.<\/p>\n<p><strong>El importe de la ayuda total concedida no podr\u00e1 superar el l\u00edmite de 30 millones de euros por empresa y por proyecto.<\/strong><\/p>\n<p>Los costes subvencionables unitarios m\u00e1ximos y las intensidades de ayuda para cada una de las actuaciones se incluyen a continuaci\u00f3n:<\/p>\n<p><img loading=\"lazy\" decoding=\"async\" class=\"size-full wp-image-14081 alignleft\" src=\"https:\/\/www.impulso.es\/wp-content\/uploads\/2026\/01\/Cuadro-Repoten.png\" alt=\"\" width=\"466\" height=\"207\" srcset=\"https:\/\/www.impulso.es\/wp-content\/uploads\/2026\/01\/Cuadro-Repoten.png 466w, https:\/\/www.impulso.es\/wp-content\/uploads\/2026\/01\/Cuadro-Repoten-300x133.png 300w, https:\/\/www.impulso.es\/wp-content\/uploads\/2026\/01\/Cuadro-Repoten-450x200.png 450w\" sizes=\"auto, (max-width: 466px) 100vw, 466px\" \/><\/p>\n<p>&nbsp;<\/p>\n<p>&nbsp;<\/p>\n<p>&nbsp;<\/p>\n<p>&nbsp;<\/p>\n<p>&nbsp;<\/p>\n<p>&nbsp;<\/p>\n<p><strong><u>GARANTIAS Y ANTICIPOS<\/u><\/strong><\/p>\n<p>Proceder\u00e1 constituir garant\u00edas <strong>para participar en las convocatorias<\/strong>, las cuales asegurar\u00e1n que los proyectos a los que se les conceda una ayuda se ejecutan en los t\u00e9rminos que se establezcan en la convocatoria y bases reguladoras. El importe de la garant\u00eda ser\u00e1 de <strong>20.000 euros\/MW para el programa 1<\/strong> y el <strong>2 %<\/strong> del coste subvencionable para los <strong>programas 2 y 3<\/strong>.<\/p>\n<p>As\u00ed mismo, proceder\u00e1 la constituci\u00f3n de garant\u00edas para solicitar <strong>el pago anticipado<\/strong> de la subvenci\u00f3n. Los beneficiarios podr\u00e1n solicitar un <strong>anticipo<\/strong> que se considerar\u00e1 como pago a cuenta y ser\u00e1 como m\u00e1ximo el importe de la ayuda total concedida. El importe a garantizar ser\u00e1 igual a la cuant\u00eda del anticipo m\u00e1s los intereses calculados al tipo de inter\u00e9s legal, para la vigencia de la garant\u00eda.<\/p>\n<p>El per\u00edodo de vigencia de la garant\u00eda aportada ser\u00e1 de duraci\u00f3n m\u00ednima hasta <strong>31\/12\/2031<\/strong>.<\/p>\n<p>&nbsp;<\/p>\n<p><strong><u>PLAZO DE PRESENTACI\u00d3N <\/u><\/strong><\/p>\n<p>Plazo de presentaci\u00f3n: <strong>Comenzar\u00e1 a las 12:00h del 15 de enero de 2026 y finalizar\u00e1 a las 12:00h del 24 de febrero de 2026.<\/strong><\/p>\n<p><em>19\/01\/2026<\/em>[\/vc_column_text][\/vc_column][vc_column css_animation=&#8221;none&#8221; width=&#8221;1\/6&#8243; offset=&#8221;vc_hidden-sm vc_hidden-xs&#8221;][vc_empty_space][vc_wp_search][vc_basic_grid post_type=&#8221;post&#8221; max_items=&#8221;3&#8243; element_width=&#8221;12&#8243; item=&#8221;2633&#8243; initial_loading_animation=&#8221;none&#8221; grid_id=&#8221;vc_gid:1768824126579-e8b4bee7-436b-6&#8243;][\/vc_column][\/vc_row]<\/p>\n<\/div>","protected":false},"excerpt":{"rendered":"<p>[vc_row][vc_column width=&#8221;5\/6&#8243;][vc_empty_space el_class=&#8221;vc_hidden-sm vc_hidden-xs&#8221;][vc_column_text css=&#8221;.vc_custom_1768824806324{margin-right: 20px !important;margin-left: 20px !important;padding-top: 20px !important;}&#8221;]Desde IMPULSO nos complace informales de que ya est\u00e1 abierta la segunda convocatoria del PROGRAMA REPOTENCIACI\u00d3N CIRCULAR de AYUDAS A PROYECTOS DE REPOTENCIACI\u00d3N DE INSTALACIONES E\u00d3LICAS, DE RENOVACI\u00d3N TECNOL\u00d3GICA Y MEDIOAMBIENTAL DE MINICENTRALES HIDROEL\u00c9CTRICAS Y DE INSTALACIONES INNOVADORAS DE RECICLAJE DE PALAS DE AEROGENERADORES (REPOTEN2) la concesi\u00f3n de ayudas a la inversi\u00f3n en la repotenciaci\u00f3n de instalaciones e\u00f3licas y en [&hellip;]<\/p>\n","protected":false},"author":4,"featured_media":14078,"comment_status":"closed","ping_status":"closed","sticky":false,"template":"","format":"standard","meta":{"footnotes":""},"categories":[240,239],"tags":[],"class_list":["post-14077","post","type-post","status-publish","format-standard","has-post-thumbnail","hentry","category-convocatorias_publicas","category-noticias"],"rttpg_featured_image_url":{"full":["https:\/\/www.impulso.es\/wp-content\/uploads\/2026\/01\/REPOTEN.png",1117,550,false],"landscape":["https:\/\/www.impulso.es\/wp-content\/uploads\/2026\/01\/REPOTEN.png",1117,550,false],"portraits":["https:\/\/www.impulso.es\/wp-content\/uploads\/2026\/01\/REPOTEN.png",1117,550,false],"thumbnail":["https:\/\/www.impulso.es\/wp-content\/uploads\/2026\/01\/REPOTEN-150x150.png",150,150,true],"medium":["https:\/\/www.impulso.es\/wp-content\/uploads\/2026\/01\/REPOTEN-300x148.png",300,148,true],"large":["https:\/\/www.impulso.es\/wp-content\/uploads\/2026\/01\/REPOTEN-1024x504.png",1024,504,true],"1536x1536":["https:\/\/www.impulso.es\/wp-content\/uploads\/2026\/01\/REPOTEN.png",1117,550,false],"2048x2048":["https:\/\/www.impulso.es\/wp-content\/uploads\/2026\/01\/REPOTEN.png",1117,550,false],"post-thumbnail":["https:\/\/www.impulso.es\/wp-content\/uploads\/2026\/01\/REPOTEN-100x100.png",100,100,true],"bg-image":["https:\/\/www.impulso.es\/wp-content\/uploads\/2026\/01\/REPOTEN.png",1117,550,false],"fullwidth-landscape":["https:\/\/www.impulso.es\/wp-content\/uploads\/2026\/01\/REPOTEN-1117x500.png",1117,500,true],"sidebar-landscape":["https:\/\/www.impulso.es\/wp-content\/uploads\/2026\/01\/REPOTEN-880x380.png",880,380,true],"sidebar-auto":["https:\/\/www.impulso.es\/wp-content\/uploads\/2026\/01\/REPOTEN-880x433.png",880,433,true],"portfolio-square":["https:\/\/www.impulso.es\/wp-content\/uploads\/2026\/01\/REPOTEN-450x350.png",450,350,true],"portfolio-auto":["https:\/\/www.impulso.es\/wp-content\/uploads\/2026\/01\/REPOTEN-450x222.png",450,222,true],"square":["https:\/\/www.impulso.es\/wp-content\/uploads\/2026\/01\/REPOTEN-450x450.png",450,450,true]},"rttpg_author":{"display_name":"Ana Cordero","author_link":"https:\/\/www.impulso.es\/en\/author\/ana\/"},"rttpg_comment":0,"rttpg_category":"<a href=\"https:\/\/www.impulso.es\/category\/convocatorias_publicas\/\" rel=\"category tag\">Convocatorias p\u00fablicas<\/a> <a href=\"https:\/\/www.impulso.es\/category\/noticias\/\" rel=\"category tag\">Noticias<\/a>","rttpg_excerpt":"[vc_row][vc_column width=&#8221;5\/6&#8243;][vc_empty_space el_class=&#8221;vc_hidden-sm vc_hidden-xs&#8221;][vc_column_text css=&#8221;.vc_custom_1768824806324{margin-right: 20px !important;margin-left: 20px !important;padding-top: 20px !important;}&#8221;]Desde IMPULSO nos complace informales de que ya est\u00e1 abierta la segunda convocatoria del PROGRAMA REPOTENCIACI\u00d3N CIRCULAR de AYUDAS A PROYECTOS DE REPOTENCIACI\u00d3N DE INSTALACIONES E\u00d3LICAS, DE RENOVACI\u00d3N TECNOL\u00d3GICA Y MEDIOAMBIENTAL DE MINICENTRALES HIDROEL\u00c9CTRICAS Y DE INSTALACIONES INNOVADORAS DE RECICLAJE DE PALAS DE AEROGENERADORES (REPOTEN2)&hellip;","_links":{"self":[{"href":"https:\/\/www.impulso.es\/en\/wp-json\/wp\/v2\/posts\/14077","targetHints":{"allow":["GET"]}}],"collection":[{"href":"https:\/\/www.impulso.es\/en\/wp-json\/wp\/v2\/posts"}],"about":[{"href":"https:\/\/www.impulso.es\/en\/wp-json\/wp\/v2\/types\/post"}],"author":[{"embeddable":true,"href":"https:\/\/www.impulso.es\/en\/wp-json\/wp\/v2\/users\/4"}],"replies":[{"embeddable":true,"href":"https:\/\/www.impulso.es\/en\/wp-json\/wp\/v2\/comments?post=14077"}],"version-history":[{"count":0,"href":"https:\/\/www.impulso.es\/en\/wp-json\/wp\/v2\/posts\/14077\/revisions"}],"wp:featuredmedia":[{"embeddable":true,"href":"https:\/\/www.impulso.es\/en\/wp-json\/wp\/v2\/media\/14078"}],"wp:attachment":[{"href":"https:\/\/www.impulso.es\/en\/wp-json\/wp\/v2\/media?parent=14077"}],"wp:term":[{"taxonomy":"category","embeddable":true,"href":"https:\/\/www.impulso.es\/en\/wp-json\/wp\/v2\/categories?post=14077"},{"taxonomy":"post_tag","embeddable":true,"href":"https:\/\/www.impulso.es\/en\/wp-json\/wp\/v2\/tags?post=14077"}],"curies":[{"name":"wp","href":"https:\/\/api.w.org\/{rel}","templated":true}]}}